{"id":5121,"date":"2020-01-01T01:16:32","date_gmt":"2020-01-01T00:16:32","guid":{"rendered":"https:\/\/www.sauver-le-guirbaden.fr\/?p=5121"},"modified":"2020-01-01T01:53:41","modified_gmt":"2020-01-01T00:53:41","slug":"le-palas-pourquoi-ci-et-pourquoi-ca","status":"publish","type":"post","link":"https:\/\/www.sauver-le-guirbaden.fr\/index.php\/2020\/01\/01\/le-palas-pourquoi-ci-et-pourquoi-ca\/","title":{"rendered":"Le palas&#8230;.pourquoi ci et pourquoi \u00e7a ???"},"content":{"rendered":"<p>Le palas, nom al\u00e9manique pour d\u00e9signer la grande salle d&#8217;apparat ou salle o\u00f9 l&#8217;on rendait la justice, est encore appel\u00e9 aula ou sala, salle des chevaliers&#8230; Le palas du ch\u00e2teau de Guirbaden est une des 3 sp\u00e9cificit\u00e9s du ch\u00e2teau apr\u00e8s sa taille ( plus grand ch\u00e2teau fort d&#8217;Alsace )et la citadelle ( enceinte haute port\u00e9e par ses 5 arcs ), car c&#8217;est\u00a0 le plus grand palas d&#8217;Alsace ( 33.50 m\u00e8tres de long ) .\u00a0 \u00a0 \u00a0 \u00a0 \u00a0 \u00a0 \u00a0 \u00a0 \u00a0 \u00a0 \u00a0 \u00a0 \u00a0 \u00a0 \u00a0 \u00a0 \u00a0 \u00a0 \u00a0 \u00a0 \u00a0 \u00a0 \u00a0 \u00a0 \u00a0 \u00a0 \u00a0 \u00a0 \u00a0 \u00a0 \u00a0 \u00a0 \u00a0 \u00a0 \u00a0 \u00a0 \u00a0 \u00a0 \u00a0 \u00a0 \u00a0 \u00a0 \u00a0 \u00a0 \u00a0 \u00a0 \u00a0 \u00a0 \u00a0 \u00a0 \u00a0 \u00a0 \u00a0 \u00a0 \u00a0 \u00a0 \u00a0 \u00a0 \u00a0 \u00a0 \u00a0 \u00a0Un palas qui engendre beaucoup de questions \u00e0 l&#8217;heure actuelle de nos connaissances &#8230;<\/p>\n<p>Avant m\u00eame d&#8217;entrer \u00e0 l&#8217;int\u00e9rieur: pourquoi autant de corbeaux au-dessus de la porte de gauche, alors que ce n&#8217;est pas le cas au-dessus de la porte de droite ?<\/p>\n<p><a href=\"https:\/\/www.sauver-le-guirbaden.fr\/wp-content\/uploads\/2020\/01\/corbeaux-devant-palas.jpg\">\u00a0<\/a><a href=\"https:\/\/www.sauver-le-guirbaden.fr\/wp-content\/uploads\/2020\/01\/corbeaux-devant-palas.jpg\" target=\"_blank\" rel=\"noopener\"><img loading=\"lazy\" decoding=\"async\" class=\"alignnone wp-image-5106 size-medium\" src=\"https:\/\/www.sauver-le-guirbaden.fr\/wp-content\/uploads\/2020\/01\/corbeaux-devant-palas-300x212.jpg\" alt=\"\" width=\"300\" height=\"212\" srcset=\"https:\/\/sauver-le-guirbaden.fr\/wp-content\/uploads\/2020\/01\/corbeaux-devant-palas-300x212.jpg 300w, https:\/\/sauver-le-guirbaden.fr\/wp-content\/uploads\/2020\/01\/corbeaux-devant-palas-768x542.jpg 768w, https:\/\/sauver-le-guirbaden.fr\/wp-content\/uploads\/2020\/01\/corbeaux-devant-palas-600x424.jpg 600w, https:\/\/sauver-le-guirbaden.fr\/wp-content\/uploads\/2020\/01\/corbeaux-devant-palas.jpg 800w\" sizes=\"auto, (max-width: 300px) 100vw, 300px\" \/><\/a><a href=\"https:\/\/www.sauver-le-guirbaden.fr\/wp-content\/uploads\/2020\/01\/02.12.2019-14.jpg\" target=\"_blank\" rel=\"noopener\"><img loading=\"lazy\" decoding=\"async\" class=\"alignnone wp-image-5124 size-medium\" src=\"https:\/\/www.sauver-le-guirbaden.fr\/wp-content\/uploads\/2020\/01\/02.12.2019-14-300x225.jpg\" alt=\"\" width=\"300\" height=\"225\" srcset=\"https:\/\/sauver-le-guirbaden.fr\/wp-content\/uploads\/2020\/01\/02.12.2019-14-300x225.jpg 300w, https:\/\/sauver-le-guirbaden.fr\/wp-content\/uploads\/2020\/01\/02.12.2019-14-768x576.jpg 768w, https:\/\/sauver-le-guirbaden.fr\/wp-content\/uploads\/2020\/01\/02.12.2019-14-600x450.jpg 600w, https:\/\/sauver-le-guirbaden.fr\/wp-content\/uploads\/2020\/01\/02.12.2019-14.jpg 800w\" sizes=\"auto, (max-width: 300px) 100vw, 300px\" \/><\/a><\/p>\n<p><a href=\"https:\/\/www.sauver-le-guirbaden.fr\/wp-content\/uploads\/2020\/01\/marques-dans-mur.jpg\" target=\"_blank\" rel=\"noopener\"><img loading=\"lazy\" decoding=\"async\" class=\"alignright wp-image-5111 size-medium\" src=\"https:\/\/www.sauver-le-guirbaden.fr\/wp-content\/uploads\/2020\/01\/marques-dans-mur-300x212.jpg\" alt=\"\" width=\"300\" height=\"212\" srcset=\"https:\/\/sauver-le-guirbaden.fr\/wp-content\/uploads\/2020\/01\/marques-dans-mur-300x212.jpg 300w, https:\/\/sauver-le-guirbaden.fr\/wp-content\/uploads\/2020\/01\/marques-dans-mur-768x542.jpg 768w, https:\/\/sauver-le-guirbaden.fr\/wp-content\/uploads\/2020\/01\/marques-dans-mur-600x424.jpg 600w, https:\/\/sauver-le-guirbaden.fr\/wp-content\/uploads\/2020\/01\/marques-dans-mur.jpg 800w\" sizes=\"auto, (max-width: 300px) 100vw, 300px\" \/><\/a><\/p>\n<p>&nbsp;<\/p>\n<p>A quoi correspondaient les marques sur le mur entre les 2 portes ?<\/p>\n<p>&nbsp;<\/p>\n<p>&nbsp;<\/p>\n<p>&nbsp;<\/p>\n<p>A droite de la porte de droite, il y a vraisemblablement un d\u00e9but de vo\u00fbte. \u00c9tait-ce pour aller dans une cave ?<\/p>\n<p><a href=\"https:\/\/www.sauver-le-guirbaden.fr\/wp-content\/uploads\/2020\/01\/voute-cave.jpg\" target=\"_blank\" rel=\"noopener\"><img loading=\"lazy\" decoding=\"async\" class=\"alignnone wp-image-5117 size-medium\" src=\"https:\/\/www.sauver-le-guirbaden.fr\/wp-content\/uploads\/2020\/01\/voute-cave-300x212.jpg\" alt=\"\" width=\"300\" height=\"212\" srcset=\"https:\/\/sauver-le-guirbaden.fr\/wp-content\/uploads\/2020\/01\/voute-cave-300x212.jpg 300w, https:\/\/sauver-le-guirbaden.fr\/wp-content\/uploads\/2020\/01\/voute-cave-768x542.jpg 768w, https:\/\/sauver-le-guirbaden.fr\/wp-content\/uploads\/2020\/01\/voute-cave-600x424.jpg 600w, https:\/\/sauver-le-guirbaden.fr\/wp-content\/uploads\/2020\/01\/voute-cave.jpg 800w\" sizes=\"auto, (max-width: 300px) 100vw, 300px\" \/><\/a>\u00a0<a href=\"https:\/\/www.sauver-le-guirbaden.fr\/wp-content\/uploads\/2020\/01\/cave-16.12.2019-57.jpg\" target=\"_blank\" rel=\"noopener\"><img loading=\"lazy\" decoding=\"async\" class=\"alignnone wp-image-5105 size-medium\" src=\"https:\/\/www.sauver-le-guirbaden.fr\/wp-content\/uploads\/2020\/01\/cave-16.12.2019-57-300x225.jpg\" alt=\"\" width=\"300\" height=\"225\" srcset=\"https:\/\/sauver-le-guirbaden.fr\/wp-content\/uploads\/2020\/01\/cave-16.12.2019-57-300x225.jpg 300w, https:\/\/sauver-le-guirbaden.fr\/wp-content\/uploads\/2020\/01\/cave-16.12.2019-57-768x576.jpg 768w, https:\/\/sauver-le-guirbaden.fr\/wp-content\/uploads\/2020\/01\/cave-16.12.2019-57-600x450.jpg 600w, https:\/\/sauver-le-guirbaden.fr\/wp-content\/uploads\/2020\/01\/cave-16.12.2019-57.jpg 800w\" sizes=\"auto, (max-width: 300px) 100vw, 300px\" \/><\/a><\/p>\n<p><a href=\"https:\/\/www.sauver-le-guirbaden.fr\/wp-content\/uploads\/2020\/01\/fente-d\u00e9clairage-nord.jpg\" target=\"_blank\" rel=\"noopener\"><img loading=\"lazy\" decoding=\"async\" class=\"alignleft wp-image-5126 size-medium\" src=\"https:\/\/www.sauver-le-guirbaden.fr\/wp-content\/uploads\/2020\/01\/fente-d\u00e9clairage-nord-212x300.jpg\" alt=\"\" width=\"212\" height=\"300\" srcset=\"https:\/\/sauver-le-guirbaden.fr\/wp-content\/uploads\/2020\/01\/fente-d\u00e9clairage-nord-212x300.jpg 212w, https:\/\/sauver-le-guirbaden.fr\/wp-content\/uploads\/2020\/01\/fente-d\u00e9clairage-nord.jpg 565w\" sizes=\"auto, (max-width: 212px) 100vw, 212px\" \/><\/a><\/p>\n<p>&nbsp;<\/p>\n<p>Justement sur le parement externe du mur nord, on peut voir une ouverture&#8230; o\u00f9 menait-elle ?<\/p>\n<p>&nbsp;<\/p>\n<p>&nbsp;<\/p>\n<p>&nbsp;<\/p>\n<p>&nbsp;<\/p>\n<p><img loading=\"lazy\" decoding=\"async\" class=\"alignright wp-image-5110 size-medium\" src=\"https:\/\/www.sauver-le-guirbaden.fr\/wp-content\/uploads\/2020\/01\/latrines-\u00e0-mi-hauteur-300x212.jpg\" alt=\"\" width=\"300\" height=\"212\" srcset=\"https:\/\/sauver-le-guirbaden.fr\/wp-content\/uploads\/2020\/01\/latrines-\u00e0-mi-hauteur-300x212.jpg 300w, https:\/\/sauver-le-guirbaden.fr\/wp-content\/uploads\/2020\/01\/latrines-\u00e0-mi-hauteur-768x542.jpg 768w, https:\/\/sauver-le-guirbaden.fr\/wp-content\/uploads\/2020\/01\/latrines-\u00e0-mi-hauteur-600x424.jpg 600w, https:\/\/sauver-le-guirbaden.fr\/wp-content\/uploads\/2020\/01\/latrines-\u00e0-mi-hauteur.jpg 800w\" sizes=\"auto, (max-width: 300px) 100vw, 300px\" \/><\/p>\n<p>En rentrant dans le palas, ce qui frappe c&#8217;est la diff\u00e9rence de niveau entre l&#8217;entr\u00e9e et les latrines situ\u00e9es \u00e0 un demi-\u00e9tage plus haut &#8230; Cette fente d&#8217;\u00e9clairage vue c\u00f4t\u00e9 nord \u00e0 l&#8217;ext\u00e9rieur \u00e9tait-elle accessible par le palas ou depuis une cave ??? Si c&#8217;est par le palas, y aurait-il des marches ou une pente devant les latrines ?<\/p>\n<p>&nbsp;<\/p>\n<p><a href=\"https:\/\/www.sauver-le-guirbaden.fr\/wp-content\/uploads\/2020\/01\/fen\u00eatres-ma\u00e7onn\u00e9es.jpg\" target=\"_blank\" rel=\"noopener\"><img loading=\"lazy\" decoding=\"async\" class=\"alignleft wp-image-5109 size-medium\" src=\"https:\/\/www.sauver-le-guirbaden.fr\/wp-content\/uploads\/2020\/01\/fen\u00eatres-ma\u00e7onn\u00e9es-300x212.jpg\" alt=\"\" width=\"300\" height=\"212\" srcset=\"https:\/\/sauver-le-guirbaden.fr\/wp-content\/uploads\/2020\/01\/fen\u00eatres-ma\u00e7onn\u00e9es-300x212.jpg 300w, https:\/\/sauver-le-guirbaden.fr\/wp-content\/uploads\/2020\/01\/fen\u00eatres-ma\u00e7onn\u00e9es-768x542.jpg 768w, https:\/\/sauver-le-guirbaden.fr\/wp-content\/uploads\/2020\/01\/fen\u00eatres-ma\u00e7onn\u00e9es-600x424.jpg 600w, https:\/\/sauver-le-guirbaden.fr\/wp-content\/uploads\/2020\/01\/fen\u00eatres-ma\u00e7onn\u00e9es.jpg 800w\" sizes=\"auto, (max-width: 300px) 100vw, 300px\" \/><\/a><\/p>\n<p>&nbsp;<\/p>\n<p>Lors des visites guid\u00e9es, les visiteurs ne manquent pas de demander pourquoi les fen\u00eatres sont mur\u00e9es &#8230;. myst\u00e8re &#8230;<\/p>\n<p>&nbsp;<\/p>\n<p>&nbsp;<\/p>\n<p>Et cette magnifique fen\u00eatre c\u00f4t\u00e9 sud &#8230; Il n&#8217;en resterait qu&#8217;une en place\u00a0 sur 4 fen\u00eatres ??? La seule et unique repr\u00e9sentation de ses 4 fen\u00eatres vient de Charles Henri Mueller vers 1820&#8230; mais pourquoi n&#8217;avons-nous qu&#8217;une seule repr\u00e9sentation de ces magnifiques fen\u00eatres qui\u00a0 nous est parvenue ? Pourquoi d&#8217;autres artistes n&#8217;ont-ils toujours dessin\u00e9 que la citadelle au lieu des fen\u00eatres du palas qui sont tout de m\u00eame de toute beaut\u00e9 ???<\/p>\n<p><a href=\"https:\/\/www.sauver-le-guirbaden.fr\/wp-content\/uploads\/2020\/01\/1820-Henri-Charles-Mueller.jpg\">\u00a0<\/a><a href=\"https:\/\/www.sauver-le-guirbaden.fr\/wp-content\/uploads\/2020\/01\/1820-Henri-Charles-Mueller.jpg\" target=\"_blank\" rel=\"noopener\"><img loading=\"lazy\" decoding=\"async\" class=\"alignnone wp-image-5104 size-medium\" src=\"https:\/\/www.sauver-le-guirbaden.fr\/wp-content\/uploads\/2020\/01\/1820-Henri-Charles-Mueller-300x217.jpg\" alt=\"\" width=\"300\" height=\"217\" srcset=\"https:\/\/sauver-le-guirbaden.fr\/wp-content\/uploads\/2020\/01\/1820-Henri-Charles-Mueller-300x217.jpg 300w, https:\/\/sauver-le-guirbaden.fr\/wp-content\/uploads\/2020\/01\/1820-Henri-Charles-Mueller-768x555.jpg 768w, https:\/\/sauver-le-guirbaden.fr\/wp-content\/uploads\/2020\/01\/1820-Henri-Charles-Mueller-600x434.jpg 600w, https:\/\/sauver-le-guirbaden.fr\/wp-content\/uploads\/2020\/01\/1820-Henri-Charles-Mueller.jpg 800w\" sizes=\"auto, (max-width: 300px) 100vw, 300px\" \/><\/a><a href=\"https:\/\/www.sauver-le-guirbaden.fr\/wp-content\/uploads\/2020\/01\/16.12.2019-47.jpg\" target=\"_blank\" rel=\"noopener\"><img loading=\"lazy\" decoding=\"async\" class=\"alignnone wp-image-5128 size-medium\" src=\"https:\/\/www.sauver-le-guirbaden.fr\/wp-content\/uploads\/2020\/01\/16.12.2019-47-300x225.jpg\" alt=\"\" width=\"300\" height=\"225\" srcset=\"https:\/\/sauver-le-guirbaden.fr\/wp-content\/uploads\/2020\/01\/16.12.2019-47-300x225.jpg 300w, https:\/\/sauver-le-guirbaden.fr\/wp-content\/uploads\/2020\/01\/16.12.2019-47-768x576.jpg 768w, https:\/\/sauver-le-guirbaden.fr\/wp-content\/uploads\/2020\/01\/16.12.2019-47-600x450.jpg 600w, https:\/\/sauver-le-guirbaden.fr\/wp-content\/uploads\/2020\/01\/16.12.2019-47-640x480.jpg 640w, https:\/\/sauver-le-guirbaden.fr\/wp-content\/uploads\/2020\/01\/16.12.2019-47-620x465.jpg 620w, https:\/\/sauver-le-guirbaden.fr\/wp-content\/uploads\/2020\/01\/16.12.2019-47-400x300.jpg 400w, https:\/\/sauver-le-guirbaden.fr\/wp-content\/uploads\/2020\/01\/16.12.2019-47.jpg 800w\" sizes=\"auto, (max-width: 300px) 100vw, 300px\" \/><\/a><\/p>\n<p><img loading=\"lazy\" decoding=\"async\" class=\"alignright wp-image-5107 size-medium\" src=\"https:\/\/www.sauver-le-guirbaden.fr\/wp-content\/uploads\/2020\/01\/fen\u00eatre-mueller-avec-anomalies-300x212.jpg\" alt=\"\" width=\"300\" height=\"212\" srcset=\"https:\/\/sauver-le-guirbaden.fr\/wp-content\/uploads\/2020\/01\/fen\u00eatre-mueller-avec-anomalies-300x212.jpg 300w, https:\/\/sauver-le-guirbaden.fr\/wp-content\/uploads\/2020\/01\/fen\u00eatre-mueller-avec-anomalies-768x542.jpg 768w, https:\/\/sauver-le-guirbaden.fr\/wp-content\/uploads\/2020\/01\/fen\u00eatre-mueller-avec-anomalies-600x424.jpg 600w, https:\/\/sauver-le-guirbaden.fr\/wp-content\/uploads\/2020\/01\/fen\u00eatre-mueller-avec-anomalies.jpg 800w\" sizes=\"auto, (max-width: 300px) 100vw, 300px\" \/><\/p>\n<p>D&#8217;ailleurs la reproduction de Mueller pr\u00e9sente quelques anomalies&#8230; comme par exemple: les corbeaux et une porte qui n&#8217;ont pas la bonne forme&#8230;. S&#8217;il y avait bien un oculus au dessus des fen\u00eatres, comment \u00e9tait la charpente ??? Le plancher de l&#8217;\u00e9tage sup\u00e9rieur devait couper l&#8217;oculus en deux &#8230;<\/p>\n<p>&nbsp;<\/p>\n<p>Peut-on faire confiance \u00e0 un artiste qui aura sa propre vision des choses et dessinera d&#8217;apr\u00e8s sa m\u00e9moire, voir son inspiration du moment ???<\/p>\n<p><img loading=\"lazy\" decoding=\"async\" class=\"alignleft wp-image-5112 size-medium\" src=\"https:\/\/www.sauver-le-guirbaden.fr\/wp-content\/uploads\/2020\/01\/mur-petits-moellons-300x212.jpg\" alt=\"\" width=\"300\" height=\"212\" srcset=\"https:\/\/sauver-le-guirbaden.fr\/wp-content\/uploads\/2020\/01\/mur-petits-moellons-300x212.jpg 300w, https:\/\/sauver-le-guirbaden.fr\/wp-content\/uploads\/2020\/01\/mur-petits-moellons-768x542.jpg 768w, https:\/\/sauver-le-guirbaden.fr\/wp-content\/uploads\/2020\/01\/mur-petits-moellons-600x424.jpg 600w, https:\/\/sauver-le-guirbaden.fr\/wp-content\/uploads\/2020\/01\/mur-petits-moellons.jpg 800w\" sizes=\"auto, (max-width: 300px) 100vw, 300px\" \/><\/p>\n<p>&nbsp;<\/p>\n<p>D&#8217;ailleurs cette unique fen\u00eatre restante&#8230; est mont\u00e9e sur du petit appareil&#8230; \u00e9trange pour le poids que devait repr\u00e9senter les 4 fen\u00eatres &#8230; et surtout que le bas du mur est fait en pierres plus grandes et r\u00e9guli\u00e8res&#8230;<\/p>\n<p>&nbsp;<\/p>\n<p><a href=\"https:\/\/www.sauver-le-guirbaden.fr\/wp-content\/uploads\/2020\/01\/voute-vide.jpg\" target=\"_blank\" rel=\"noopener\"><img loading=\"lazy\" decoding=\"async\" class=\"alignright wp-image-5119 size-medium\" src=\"https:\/\/www.sauver-le-guirbaden.fr\/wp-content\/uploads\/2020\/01\/voute-vide-300x212.jpg\" alt=\"\" width=\"300\" height=\"212\" srcset=\"https:\/\/sauver-le-guirbaden.fr\/wp-content\/uploads\/2020\/01\/voute-vide-300x212.jpg 300w, https:\/\/sauver-le-guirbaden.fr\/wp-content\/uploads\/2020\/01\/voute-vide-768x542.jpg 768w, https:\/\/sauver-le-guirbaden.fr\/wp-content\/uploads\/2020\/01\/voute-vide-600x424.jpg 600w, https:\/\/sauver-le-guirbaden.fr\/wp-content\/uploads\/2020\/01\/voute-vide.jpg 800w\" sizes=\"auto, (max-width: 300px) 100vw, 300px\" \/><\/a><\/p>\n<p>&nbsp;<\/p>\n<p>Le haut de la fen\u00eatre est creux&#8230; \u00e9trange depuis toutes ces ann\u00e9es&#8230; que ni terre ni herbe quelconque ne sont venues s&#8217;y coincer ???<\/p>\n<p>&nbsp;<\/p>\n<p>&nbsp;<\/p>\n<p><a href=\"https:\/\/www.sauver-le-guirbaden.fr\/wp-content\/uploads\/2020\/01\/voute-fen\u00eatre-petits-moellons.jpg\" target=\"_blank\" rel=\"noopener\"><img loading=\"lazy\" decoding=\"async\" class=\"alignleft wp-image-5118 size-medium\" src=\"https:\/\/www.sauver-le-guirbaden.fr\/wp-content\/uploads\/2020\/01\/voute-fen\u00eatre-petits-moellons-300x212.jpg\" alt=\"\" width=\"300\" height=\"212\" srcset=\"https:\/\/sauver-le-guirbaden.fr\/wp-content\/uploads\/2020\/01\/voute-fen\u00eatre-petits-moellons-300x212.jpg 300w, https:\/\/sauver-le-guirbaden.fr\/wp-content\/uploads\/2020\/01\/voute-fen\u00eatre-petits-moellons-768x542.jpg 768w, https:\/\/sauver-le-guirbaden.fr\/wp-content\/uploads\/2020\/01\/voute-fen\u00eatre-petits-moellons-600x424.jpg 600w, https:\/\/sauver-le-guirbaden.fr\/wp-content\/uploads\/2020\/01\/voute-fen\u00eatre-petits-moellons.jpg 800w\" sizes=\"auto, (max-width: 300px) 100vw, 300px\" \/><\/a><\/p>\n<p>&nbsp;<\/p>\n<p>Et sur le c\u00f4t\u00e9 de la fen\u00eatre, il y a aussi des petits moellons&#8230;<\/p>\n<p>&nbsp;<\/p>\n<p>&nbsp;<\/p>\n<p>&nbsp;<\/p>\n<p>alors que sur toutes les constructions, les pierres coll\u00e9es \u00e0 un arc \u00e9pousent d&#8217;habitude la forme de l&#8217;arc&#8230;. c&#8217;est m\u00eame ainsi sur le pont du Gard vieux du 1er si\u00e8cle &#8230;<\/p>\n<p><a href=\"https:\/\/www.sauver-le-guirbaden.fr\/wp-content\/uploads\/2020\/01\/pierres-le-long-de-larc.jpg\" target=\"_blank\" rel=\"noopener\"><img loading=\"lazy\" decoding=\"async\" class=\"alignnone wp-image-5116 size-medium\" src=\"https:\/\/www.sauver-le-guirbaden.fr\/wp-content\/uploads\/2020\/01\/pierres-le-long-de-larc-212x300.jpg\" alt=\"\" width=\"212\" height=\"300\" srcset=\"https:\/\/sauver-le-guirbaden.fr\/wp-content\/uploads\/2020\/01\/pierres-le-long-de-larc-212x300.jpg 212w, https:\/\/sauver-le-guirbaden.fr\/wp-content\/uploads\/2020\/01\/pierres-le-long-de-larc.jpg 565w\" sizes=\"auto, (max-width: 212px) 100vw, 212px\" \/><\/a>\u00a0<a href=\"https:\/\/www.sauver-le-guirbaden.fr\/wp-content\/uploads\/2020\/01\/pierres-le-long-de-larc-pont-du-gard.jpg\" target=\"_blank\" rel=\"noopener\"><img loading=\"lazy\" decoding=\"async\" class=\"alignnone wp-image-5115 size-medium\" src=\"https:\/\/www.sauver-le-guirbaden.fr\/wp-content\/uploads\/2020\/01\/pierres-le-long-de-larc-pont-du-gard-300x212.jpg\" alt=\"\" width=\"300\" height=\"212\" srcset=\"https:\/\/sauver-le-guirbaden.fr\/wp-content\/uploads\/2020\/01\/pierres-le-long-de-larc-pont-du-gard-300x212.jpg 300w, https:\/\/sauver-le-guirbaden.fr\/wp-content\/uploads\/2020\/01\/pierres-le-long-de-larc-pont-du-gard-768x542.jpg 768w, https:\/\/sauver-le-guirbaden.fr\/wp-content\/uploads\/2020\/01\/pierres-le-long-de-larc-pont-du-gard-600x424.jpg 600w, https:\/\/sauver-le-guirbaden.fr\/wp-content\/uploads\/2020\/01\/pierres-le-long-de-larc-pont-du-gard.jpg 800w\" sizes=\"auto, (max-width: 300px) 100vw, 300px\" \/><\/a><\/p>\n<p><a href=\"https:\/\/www.sauver-le-guirbaden.fr\/wp-content\/uploads\/2020\/01\/pierres-autour-porte-palas.jpg\" target=\"_blank\" rel=\"noopener\"><img loading=\"lazy\" decoding=\"async\" class=\"alignright wp-image-5114 size-medium\" src=\"https:\/\/www.sauver-le-guirbaden.fr\/wp-content\/uploads\/2020\/01\/pierres-autour-porte-palas-300x212.jpg\" alt=\"\" width=\"300\" height=\"212\" srcset=\"https:\/\/sauver-le-guirbaden.fr\/wp-content\/uploads\/2020\/01\/pierres-autour-porte-palas-300x212.jpg 300w, https:\/\/sauver-le-guirbaden.fr\/wp-content\/uploads\/2020\/01\/pierres-autour-porte-palas-768x542.jpg 768w, https:\/\/sauver-le-guirbaden.fr\/wp-content\/uploads\/2020\/01\/pierres-autour-porte-palas-600x424.jpg 600w, https:\/\/sauver-le-guirbaden.fr\/wp-content\/uploads\/2020\/01\/pierres-autour-porte-palas.jpg 800w\" sizes=\"auto, (max-width: 300px) 100vw, 300px\" \/><\/a><\/p>\n<p>&nbsp;<\/p>\n<p>Sur les portes du palas construites \u00e0 priori en m\u00eame temps, c&#8217;est bien le cas !!!<\/p>\n<p>&nbsp;<\/p>\n<p>&nbsp;<\/p>\n<p>&nbsp;<\/p>\n<p><a href=\"https:\/\/www.sauver-le-guirbaden.fr\/wp-content\/uploads\/2020\/01\/petits-moellons-au-dessus-d\u00e9but-arc.jpg\" target=\"_blank\" rel=\"noopener\"><img loading=\"lazy\" decoding=\"async\" class=\"alignleft wp-image-5113 size-medium\" src=\"https:\/\/www.sauver-le-guirbaden.fr\/wp-content\/uploads\/2020\/01\/petits-moellons-au-dessus-d\u00e9but-arc-300x212.jpg\" alt=\"\" width=\"300\" height=\"212\" srcset=\"https:\/\/sauver-le-guirbaden.fr\/wp-content\/uploads\/2020\/01\/petits-moellons-au-dessus-d\u00e9but-arc-300x212.jpg 300w, https:\/\/sauver-le-guirbaden.fr\/wp-content\/uploads\/2020\/01\/petits-moellons-au-dessus-d\u00e9but-arc-768x542.jpg 768w, https:\/\/sauver-le-guirbaden.fr\/wp-content\/uploads\/2020\/01\/petits-moellons-au-dessus-d\u00e9but-arc-600x424.jpg 600w, https:\/\/sauver-le-guirbaden.fr\/wp-content\/uploads\/2020\/01\/petits-moellons-au-dessus-d\u00e9but-arc.jpg 800w\" sizes=\"auto, (max-width: 300px) 100vw, 300px\" \/><\/a><\/p>\n<p>&nbsp;<\/p>\n<p>Sur ce mur sud c\u00f4t\u00e9 externe, c&#8217;est aussi le cas au bout, au-dessus du d\u00e9but de la vo\u00fbte qui portait le balcon ext\u00e9rieur. Ces petites pierres ne devaient pas y \u00eatre \u00e0 l&#8217;origine&#8230;<\/p>\n<p>&nbsp;<\/p>\n<p>&nbsp;<\/p>\n<p>Tant de questions&#8230; Plus on \u00e9tudie le site et plus les questions fusent &#8230;<\/p>\n<p>Si vous avez des \u00e9l\u00e9ments qui pourraient nous permettre d&#8217;avancer vers une th\u00e9orie ou une autre, contactez-nous, nous sommes preneurs&#8230;<\/p>\n<p>Nous esp\u00e9rons que nos travaux contribueront aussi \u00e0 une meilleure compr\u00e9hension du site dans les ann\u00e9es \u00e0 venir &#8230;<\/p>\n<p>&nbsp;<\/p>\n","protected":false},"excerpt":{"rendered":"<p>Le palas, nom al\u00e9manique pour d\u00e9signer la grande salle d&#8217;apparat ou salle o\u00f9 l&#8217;on rendait la justice, est encore appel\u00e9 aula ou sala, salle des chevaliers&#8230; Le palas du ch\u00e2teau de Guirbaden est une des 3 sp\u00e9cificit\u00e9s du ch\u00e2teau apr\u00e8s sa taille ( plus grand ch\u00e2teau fort d&#8217;Alsace )et la citadelle ( enceinte haute port\u00e9e &hellip; <a href=\"https:\/\/www.sauver-le-guirbaden.fr\/index.php\/2020\/01\/01\/le-palas-pourquoi-ci-et-pourquoi-ca\/\" class=\"more-link\">Continuer la lecture de <span class=\"screen-reader-text\">Le palas&#8230;.pourquoi ci et pourquoi \u00e7a ???<\/span> <span class=\"meta-nav\">&rarr;<\/span><\/a><\/p>\n","protected":false},"author":2,"featured_media":0,"comment_status":"open","ping_status":"closed","sticky":false,"template":"","format":"standard","meta":{"footnotes":""},"categories":[22],"tags":[],"class_list":["post-5121","post","type-post","status-publish","format-standard","hentry","category-actualite-news"],"amp_enabled":true,"_links":{"self":[{"href":"https:\/\/www.sauver-le-guirbaden.fr\/index.php\/wp-json\/wp\/v2\/posts\/5121","targetHints":{"allow":["GET"]}}],"collection":[{"href":"https:\/\/www.sauver-le-guirbaden.fr\/index.php\/wp-json\/wp\/v2\/posts"}],"about":[{"href":"https:\/\/www.sauver-le-guirbaden.fr\/index.php\/wp-json\/wp\/v2\/types\/post"}],"author":[{"embeddable":true,"href":"https:\/\/www.sauver-le-guirbaden.fr\/index.php\/wp-json\/wp\/v2\/users\/2"}],"replies":[{"embeddable":true,"href":"https:\/\/www.sauver-le-guirbaden.fr\/index.php\/wp-json\/wp\/v2\/comments?post=5121"}],"version-history":[{"count":0,"href":"https:\/\/www.sauver-le-guirbaden.fr\/index.php\/wp-json\/wp\/v2\/posts\/5121\/revisions"}],"wp:attachment":[{"href":"https:\/\/www.sauver-le-guirbaden.fr\/index.php\/wp-json\/wp\/v2\/media?parent=5121"}],"wp:term":[{"taxonomy":"category","embeddable":true,"href":"https:\/\/www.sauver-le-guirbaden.fr\/index.php\/wp-json\/wp\/v2\/categories?post=5121"},{"taxonomy":"post_tag","embeddable":true,"href":"https:\/\/www.sauver-le-guirbaden.fr\/index.php\/wp-json\/wp\/v2\/tags?post=5121"}],"curies":[{"name":"wp","href":"https:\/\/api.w.org\/{rel}","templated":true}]}}